{"id":221,"date":"2019-03-14T20:43:42","date_gmt":"2019-03-14T19:43:42","guid":{"rendered":"https:\/\/leonyvane.com\/?p=221"},"modified":"2020-04-23T14:55:31","modified_gmt":"2020-04-23T12:55:31","slug":"365-y-restando","status":"publish","type":"post","link":"https:\/\/leonyvane.com\/index.php\/2019\/03\/14\/365-y-restando\/","title":{"rendered":"\u23f3 365 &#8230; y restando"},"content":{"rendered":"\n<p>Y despu\u00e9s de una temporada ausentes, hoy no pod\u00edamos dejar de celebrarlo \ud83c\udf89y es que queda un a\u00f1o para el gran d\u00eda!! <\/p>\n\n\n\n<p>Elegimos esta fecha por una raz\u00f3n, quer\u00edamos celebrar nuestra mayor\u00eda de edad juntos de una forma muy especial. Y no hay nada mejor que celebrarlo rodeados de toda la gente que queremos, \u00a1\u00a1una gran fiesta de 18 cumplea\u00f1os!!<\/p>\n\n\n\n<!--more-->\n\n\n\n<p>Hoy, 17 a\u00f1os de tantas y tantas historias, de encuentros y desencuentros, de alegr\u00edas y algunos ratitos de alguna pena, pero sobretodo y por encima de todo de mucha complicidad y amor. \u2764<\/p>\n\n\n\n<p>Y pensar que todo empez\u00f3 en la plaza San Francisco con el regalo de una margarita \ud83c\udf3c por un San Valent\u00edn a destiempo. Le\u00f3n, que se iniciaba en su \u00e9poca rebelde (jajaja), pens\u00f3 que deb\u00edamos tener nuestro propio d\u00eda de San Valent\u00edn, nuestro propio 14 y ser\u00eda el de Marzo. <\/p>\n\n\n\n<p>Tendr\u00eda que buscarla, pero a\u00fan guardo aquella margarita pegada con celo en el d\u00eda 14 de marzo de la agenda de 2002 que llevaba para el instituto ese a\u00f1o. <\/p>\n\n\n\n<p>\u00a1qu\u00e9 r\u00e1pido pasa el tiempo! <\/p>\n\n\n\n<p>Deseando que sea 14 de Marzo de 2020 sobre esta misma hora para estar ya peg\u00e1ndonos unos bailes \ud83d\udc83\ud83c\udffd<\/p>\n","protected":false},"excerpt":{"rendered":"<p>Y despu\u00e9s de una temporada ausentes, hoy no pod\u00edamos dejar de celebrarlo \ud83c\udf89y es que queda un a\u00f1o para el gran d\u00eda!! Elegimos esta fecha por una raz\u00f3n, quer\u00edamos celebrar nuestra mayor\u00eda de edad juntos de una forma muy especial. Y no hay nada mejor que celebrarlo rodeados de toda la gente que queremos, \u00a1\u00a1una &hellip; <a href=\"https:\/\/leonyvane.com\/index.php\/2019\/03\/14\/365-y-restando\/\" class=\"more-link\">Continuar leyendo<span class=\"screen-reader-text\"> \u00ab\u23f3 365 &#8230; y restando\u00bb<\/span><\/a><\/p>\n","protected":false},"author":3,"featured_media":0,"comment_status":"open","ping_status":"open","sticky":false,"template":"","format":"standard","meta":{"jetpack_post_was_ever_published":false},"categories":[1],"tags":[],"jetpack_featured_media_url":"","jetpack_shortlink":"https:\/\/wp.me\/paomVK-3z","_links":{"self":[{"href":"https:\/\/leonyvane.com\/index.php\/wp-json\/wp\/v2\/posts\/221"}],"collection":[{"href":"https:\/\/leonyvane.com\/index.php\/wp-json\/wp\/v2\/posts"}],"about":[{"href":"https:\/\/leonyvane.com\/index.php\/wp-json\/wp\/v2\/types\/post"}],"author":[{"embeddable":true,"href":"https:\/\/leonyvane.com\/index.php\/wp-json\/wp\/v2\/users\/3"}],"replies":[{"embeddable":true,"href":"https:\/\/leonyvane.com\/index.php\/wp-json\/wp\/v2\/comments?post=221"}],"version-history":[{"count":2,"href":"https:\/\/leonyvane.com\/index.php\/wp-json\/wp\/v2\/posts\/221\/revisions"}],"predecessor-version":[{"id":398,"href":"https:\/\/leonyvane.com\/index.php\/wp-json\/wp\/v2\/posts\/221\/revisions\/398"}],"wp:attachment":[{"href":"https:\/\/leonyvane.com\/index.php\/wp-json\/wp\/v2\/media?parent=221"}],"wp:term":[{"taxonomy":"category","embeddable":true,"href":"https:\/\/leonyvane.com\/index.php\/wp-json\/wp\/v2\/categories?post=221"},{"taxonomy":"post_tag","embeddable":true,"href":"https:\/\/leonyvane.com\/index.php\/wp-json\/wp\/v2\/tags?post=221"}],"curies":[{"name":"wp","href":"https:\/\/api.w.org\/{rel}","templated":true}]}}